{"id":48,"date":"2025-09-01T09:57:00","date_gmt":"2025-09-01T09:57:00","guid":{"rendered":"https:\/\/organisieren-erinnern.de\/?p=48"},"modified":"2026-04-07T09:59:16","modified_gmt":"2026-04-07T09:59:16","slug":"vitrine-kiezkraut-bautag","status":"publish","type":"post","link":"https:\/\/organisieren-erinnern.de\/?p=48","title":{"rendered":"Vitrine Kiezkraut: Bautag"},"content":{"rendered":"\n<p>Bautag:<\/p>\n\n\n\n<p>Samstag 13.9.2025<\/p>\n\n\n\n<p>Beteiligt euch an unserem gemeinsamen Bau- und Reparaturtag im Gew\u00e4chhaus!<br>Die aktiven G\u00e4rtner*innen wissen es schon, aber auch neue Interessierte sind herzlich willkommen!<br>Wir wollen mit euch in den Gew\u00e4chsh\u00e4usern aufr\u00e4umen, die eine oder andere Leitung reparieren und den ged\u00e4mmten Vorzuchtraum aufbauen.<br>Das ganze findet teilweise unter Anleitung und mit Skill-share statt. Komm gerne mit oder ohne Vorerfahrung.<\/p>\n\n\n\n<p>Wann: Samstag 13.9.2025 10 bis 18 Uhr. (Info: vor Ort m\u00fcsst ihr einen Haftungsausschluss unterschreiben)<br>Wo: Gew\u00e4chsh\u00e4user im Park Herzberge, Allee der Kosmonauten 14, 10365 Berlin. (im hoffentlich noch sonnengew\u00e4rmten Gew\u00e4chshaus 2).<\/p>\n\n\n\n<p><\/p>\n","protected":false},"excerpt":{"rendered":"<p>Bautag: Samstag 13.9.2025 Beteiligt euch an unserem gemeinsamen Bau- und Reparaturtag im Gew\u00e4chhaus!Die aktiven G\u00e4rtner*innen wissen es schon, aber auch neue Interessierte sind herzlich willkommen!Wir wollen mit euch in den Gew\u00e4chsh\u00e4usern aufr\u00e4umen, die eine oder andere Leitung reparieren und den ged\u00e4mmten Vorzuchtraum aufbauen.Das ganze findet teilweise unter Anleitung und mit Skill-share statt. Komm gerne mit [&hellip;]<\/p>\n","protected":false},"author":1,"featured_media":0,"comment_status":"closed","ping_status":"open","sticky":false,"template":"","format":"standard","meta":{"footnotes":""},"categories":[1],"tags":[],"class_list":["post-48","post","type-post","status-publish","format-standard","hentry","category-uncategorized"],"_links":{"self":[{"href":"https:\/\/organisieren-erinnern.de\/index.php?rest_route=\/wp\/v2\/posts\/48","targetHints":{"allow":["GET"]}}],"collection":[{"href":"https:\/\/organisieren-erinnern.de\/index.php?rest_route=\/wp\/v2\/posts"}],"about":[{"href":"https:\/\/organisieren-erinnern.de\/index.php?rest_route=\/wp\/v2\/types\/post"}],"author":[{"embeddable":true,"href":"https:\/\/organisieren-erinnern.de\/index.php?rest_route=\/wp\/v2\/users\/1"}],"replies":[{"embeddable":true,"href":"https:\/\/organisieren-erinnern.de\/index.php?rest_route=%2Fwp%2Fv2%2Fcomments&post=48"}],"version-history":[{"count":1,"href":"https:\/\/organisieren-erinnern.de\/index.php?rest_route=\/wp\/v2\/posts\/48\/revisions"}],"predecessor-version":[{"id":49,"href":"https:\/\/organisieren-erinnern.de\/index.php?rest_route=\/wp\/v2\/posts\/48\/revisions\/49"}],"wp:attachment":[{"href":"https:\/\/organisieren-erinnern.de\/index.php?rest_route=%2Fwp%2Fv2%2Fmedia&parent=48"}],"wp:term":[{"taxonomy":"category","embeddable":true,"href":"https:\/\/organisieren-erinnern.de\/index.php?rest_route=%2Fwp%2Fv2%2Fcategories&post=48"},{"taxonomy":"post_tag","embeddable":true,"href":"https:\/\/organisieren-erinnern.de\/index.php?rest_route=%2Fwp%2Fv2%2Ftags&post=48"}],"curies":[{"name":"wp","href":"https:\/\/api.w.org\/{rel}","templated":true}]}}