{"id":45,"date":"2025-09-01T08:54:00","date_gmt":"2025-09-01T08:54:00","guid":{"rendered":"https:\/\/organisieren-erinnern.de\/?p=45"},"modified":"2026-04-07T09:57:15","modified_gmt":"2026-04-07T09:57:15","slug":"vitrine-kiezkraut-verwaltung-und-finanzen","status":"publish","type":"post","link":"https:\/\/organisieren-erinnern.de\/?p=45","title":{"rendered":"Vitrine Kiezkraut: Verwaltung und Finanzen"},"content":{"rendered":"\n<p>Workshopreihe 3:<\/p>\n\n\n\n<p>Workshop Verwaltung und Finanzen<\/p>\n\n\n\n<p>Am 27.9.2025 wollen wir mit euch unsere n\u00e4chste Workshopreihe starten, die den Aufbauprozess des Vitrine Kiezkraut abrunden soll. Es geht jetzt um, last but not least, Verwaltung und Finanzen.<\/p>\n\n\n\n<p>Euch erwartet einen Online-Input von Wolfgang, unserem Berater in Vereinsfinanzen.<br>Anschlie\u00dfend gehts in den Wissensaustausch.<br>Schlie\u00dflich wollen wir gemeinsam (in einer Arbeitsgruppe) den Finanzbericht f\u00fcr das Projekt in 2025 erstellen.<\/p>\n\n\n\n<p>Wir freuen uns, auf eure Teilnahme.<br>Der Workshop ist kostenfrei, um eine Anmeldung wird gebeten.<br>Info! Es handelt sich hier um den ersten Workshop einer Reihe von insg. 4 Workshoptagen. Die weiteren Termine werden beim ersten Termin gemeinsam ausgemacht. Wir freuen uns, wenn ihr nach dem ersten Workshop auch an die weiteren Workshops teilnehmen k\u00f6nnt.<\/p>\n\n\n\n<p>Wann: Samstag 27.9.2025, 10 &#8211; 18 Uhr<br>Wo: Gew\u00e4chsh\u00e4user im Park Herzberge, Allee der Kosmonauten 14, 10365 Berlin. (im hoffentlich noch sonnengew\u00e4rmten Gew\u00e4chshaus 2). (Info: vor Ort m\u00fcsst ihr einen Haftungsausschluss unterschreiben)<\/p>\n\n\n\n<figure class=\"wp-block-image size-large\"><img loading=\"lazy\" decoding=\"async\" width=\"683\" height=\"1024\" src=\"https:\/\/organisieren-erinnern.de\/wp-content\/uploads\/2026\/04\/DSC04544-683x1024.jpg\" alt=\"\" class=\"wp-image-46\" srcset=\"https:\/\/organisieren-erinnern.de\/wp-content\/uploads\/2026\/04\/DSC04544-683x1024.jpg 683w, https:\/\/organisieren-erinnern.de\/wp-content\/uploads\/2026\/04\/DSC04544-200x300.jpg 200w, https:\/\/organisieren-erinnern.de\/wp-content\/uploads\/2026\/04\/DSC04544-768x1152.jpg 768w, https:\/\/organisieren-erinnern.de\/wp-content\/uploads\/2026\/04\/DSC04544-1024x1536.jpg 1024w, https:\/\/organisieren-erinnern.de\/wp-content\/uploads\/2026\/04\/DSC04544-1365x2048.jpg 1365w, https:\/\/organisieren-erinnern.de\/wp-content\/uploads\/2026\/04\/DSC04544-scaled.jpg 1707w\" sizes=\"auto, (max-width: 683px) 100vw, 683px\" \/><\/figure>\n","protected":false},"excerpt":{"rendered":"<p>Workshopreihe 3: Workshop Verwaltung und Finanzen Am 27.9.2025 wollen wir mit euch unsere n\u00e4chste Workshopreihe starten, die den Aufbauprozess des Vitrine Kiezkraut abrunden soll. Es geht jetzt um, last but not least, Verwaltung und Finanzen. Euch erwartet einen Online-Input von Wolfgang, unserem Berater in Vereinsfinanzen.Anschlie\u00dfend gehts in den Wissensaustausch.Schlie\u00dflich wollen wir gemeinsam (in einer Arbeitsgruppe) [&hellip;]<\/p>\n","protected":false},"author":1,"featured_media":0,"comment_status":"closed","ping_status":"open","sticky":false,"template":"","format":"standard","meta":{"footnotes":""},"categories":[1],"tags":[],"class_list":["post-45","post","type-post","status-publish","format-standard","hentry","category-uncategorized"],"_links":{"self":[{"href":"https:\/\/organisieren-erinnern.de\/index.php?rest_route=\/wp\/v2\/posts\/45","targetHints":{"allow":["GET"]}}],"collection":[{"href":"https:\/\/organisieren-erinnern.de\/index.php?rest_route=\/wp\/v2\/posts"}],"about":[{"href":"https:\/\/organisieren-erinnern.de\/index.php?rest_route=\/wp\/v2\/types\/post"}],"author":[{"embeddable":true,"href":"https:\/\/organisieren-erinnern.de\/index.php?rest_route=\/wp\/v2\/users\/1"}],"replies":[{"embeddable":true,"href":"https:\/\/organisieren-erinnern.de\/index.php?rest_route=%2Fwp%2Fv2%2Fcomments&post=45"}],"version-history":[{"count":1,"href":"https:\/\/organisieren-erinnern.de\/index.php?rest_route=\/wp\/v2\/posts\/45\/revisions"}],"predecessor-version":[{"id":47,"href":"https:\/\/organisieren-erinnern.de\/index.php?rest_route=\/wp\/v2\/posts\/45\/revisions\/47"}],"wp:attachment":[{"href":"https:\/\/organisieren-erinnern.de\/index.php?rest_route=%2Fwp%2Fv2%2Fmedia&parent=45"}],"wp:term":[{"taxonomy":"category","embeddable":true,"href":"https:\/\/organisieren-erinnern.de\/index.php?rest_route=%2Fwp%2Fv2%2Fcategories&post=45"},{"taxonomy":"post_tag","embeddable":true,"href":"https:\/\/organisieren-erinnern.de\/index.php?rest_route=%2Fwp%2Fv2%2Ftags&post=45"}],"curies":[{"name":"wp","href":"https:\/\/api.w.org\/{rel}","templated":true}]}}