{"id":42,"date":"2025-06-19T11:48:00","date_gmt":"2025-06-19T11:48:00","guid":{"rendered":"https:\/\/organisieren-erinnern.de\/?p=42"},"modified":"2026-04-07T09:54:02","modified_gmt":"2026-04-07T09:54:02","slug":"vitrine-kiezkraut-substrat-und-saatgut","status":"publish","type":"post","link":"https:\/\/organisieren-erinnern.de\/?p=42","title":{"rendered":"Vitrine Kiezkraut: Substrat und Saatgut"},"content":{"rendered":"\n<p>Workshopreihe 2:<\/p>\n\n\n\n<p>Workshop Substrat und Saatgut<\/p>\n\n\n\n<p>Am 12.7.25 wollen wir mit euch in die n\u00e4chste Phase der Verwirklichung einer nachbarschaftlichen SoLaWi in unseren Gew\u00e4chsh\u00e4usern gehen.<\/p>\n\n\n\n<p>Euch erwartet einen Input zum g\u00e4rtnerischen Aspekt der Solawi und Erfahrung dazu, wiederum aus dem Leipziger Raum.<br>Anschlie\u00dfend geht&#8217;s in die Planung f\u00fcr unseren Garten.<\/p>\n\n\n\n<p>Ebenfalls wollen wir eine Reflexionsphase durchf\u00fchren, in der die Entwicklungen der letzte Monate und die Zusammenarbeit untereinder besprochen werden k\u00f6nnen.<\/p>\n\n\n\n<p>Wir freuen uns, auf eure Teilnahme.<br>Der Workshop ist kostenfrei, um eine Anmeldung wird gebeten.<br>Info! Es handelt sich hier um den ersten Workshop einer Reihe von insg. 4 Workshoptagen. Die weiteren Termine werden beim ersten Termin gemeinsam ausgemacht. Wir freuen uns, wenn ihr nach dem ersten Workshop auch an die weiteren Workshops teilnehmen k\u00f6nnt.<\/p>\n\n\n\n<p>Wann: Samstag 12.7.2025 10 &#8211; 18 Uhr<br>Wo: Paradiesg\u00e4rtlein, Park Herzberge, Allee der Kosmonauten 14, 10365 Berlin.<\/p>\n\n\n\n<figure class=\"wp-block-image size-large\"><img loading=\"lazy\" decoding=\"async\" width=\"1024\" height=\"768\" src=\"https:\/\/organisieren-erinnern.de\/wp-content\/uploads\/2026\/04\/WhatsApp-Image-2024-08-30-at-14.39.44-3-1024x768.jpeg\" alt=\"\" class=\"wp-image-43\" srcset=\"https:\/\/organisieren-erinnern.de\/wp-content\/uploads\/2026\/04\/WhatsApp-Image-2024-08-30-at-14.39.44-3-1024x768.jpeg 1024w, https:\/\/organisieren-erinnern.de\/wp-content\/uploads\/2026\/04\/WhatsApp-Image-2024-08-30-at-14.39.44-3-300x225.jpeg 300w, https:\/\/organisieren-erinnern.de\/wp-content\/uploads\/2026\/04\/WhatsApp-Image-2024-08-30-at-14.39.44-3-768x576.jpeg 768w, https:\/\/organisieren-erinnern.de\/wp-content\/uploads\/2026\/04\/WhatsApp-Image-2024-08-30-at-14.39.44-3-1536x1152.jpeg 1536w, https:\/\/organisieren-erinnern.de\/wp-content\/uploads\/2026\/04\/WhatsApp-Image-2024-08-30-at-14.39.44-3.jpeg 2000w\" sizes=\"auto, (max-width: 1024px) 100vw, 1024px\" \/><\/figure>\n","protected":false},"excerpt":{"rendered":"<p>Workshopreihe 2: Workshop Substrat und Saatgut Am 12.7.25 wollen wir mit euch in die n\u00e4chste Phase der Verwirklichung einer nachbarschaftlichen SoLaWi in unseren Gew\u00e4chsh\u00e4usern gehen. Euch erwartet einen Input zum g\u00e4rtnerischen Aspekt der Solawi und Erfahrung dazu, wiederum aus dem Leipziger Raum.Anschlie\u00dfend geht&#8217;s in die Planung f\u00fcr unseren Garten. Ebenfalls wollen wir eine Reflexionsphase durchf\u00fchren, [&hellip;]<\/p>\n","protected":false},"author":1,"featured_media":0,"comment_status":"closed","ping_status":"open","sticky":false,"template":"","format":"standard","meta":{"footnotes":""},"categories":[1],"tags":[],"class_list":["post-42","post","type-post","status-publish","format-standard","hentry","category-uncategorized"],"_links":{"self":[{"href":"https:\/\/organisieren-erinnern.de\/index.php?rest_route=\/wp\/v2\/posts\/42","targetHints":{"allow":["GET"]}}],"collection":[{"href":"https:\/\/organisieren-erinnern.de\/index.php?rest_route=\/wp\/v2\/posts"}],"about":[{"href":"https:\/\/organisieren-erinnern.de\/index.php?rest_route=\/wp\/v2\/types\/post"}],"author":[{"embeddable":true,"href":"https:\/\/organisieren-erinnern.de\/index.php?rest_route=\/wp\/v2\/users\/1"}],"replies":[{"embeddable":true,"href":"https:\/\/organisieren-erinnern.de\/index.php?rest_route=%2Fwp%2Fv2%2Fcomments&post=42"}],"version-history":[{"count":1,"href":"https:\/\/organisieren-erinnern.de\/index.php?rest_route=\/wp\/v2\/posts\/42\/revisions"}],"predecessor-version":[{"id":44,"href":"https:\/\/organisieren-erinnern.de\/index.php?rest_route=\/wp\/v2\/posts\/42\/revisions\/44"}],"wp:attachment":[{"href":"https:\/\/organisieren-erinnern.de\/index.php?rest_route=%2Fwp%2Fv2%2Fmedia&parent=42"}],"wp:term":[{"taxonomy":"category","embeddable":true,"href":"https:\/\/organisieren-erinnern.de\/index.php?rest_route=%2Fwp%2Fv2%2Fcategories&post=42"},{"taxonomy":"post_tag","embeddable":true,"href":"https:\/\/organisieren-erinnern.de\/index.php?rest_route=%2Fwp%2Fv2%2Ftags&post=42"}],"curies":[{"name":"wp","href":"https:\/\/api.w.org\/{rel}","templated":true}]}}