{"id":39,"date":"2025-04-02T09:43:00","date_gmt":"2025-04-02T09:43:00","guid":{"rendered":"https:\/\/organisieren-erinnern.de\/?p=39"},"modified":"2026-04-07T09:47:35","modified_gmt":"2026-04-07T09:47:35","slug":"vitrine-kiezkraut-1-ideenfindung-und-konzept","status":"publish","type":"post","link":"https:\/\/organisieren-erinnern.de\/?p=39","title":{"rendered":"Vitrine Kiezkraut 1: Ideenfindung und Konzept"},"content":{"rendered":"\n<p>Ideenfindung und Ausarbeitung des Konzepts.<\/p>\n\n\n\n<p>Am 12.4.2025 wollen wir gemeinsam mit euch den ersten Planungsworkshop f\u00fcr die Gew\u00e4chsh\u00e4user durchf\u00fchren!<\/p>\n\n\n\n<p>Was euch erwartet:<\/p>\n\n\n\n<ul class=\"wp-block-list\">\n<li>Erfahrungen aus dem Aufbau anderer SoLaWis u.a. aus dem Leipziger Land<\/li>\n\n\n\n<li>Basics zur Planung von solidarischer Landwirtschaft und Gemeinschaftsgarten<\/li>\n\n\n\n<li>Vorstellung des Modells nachbarschaftliche SoLaWi bzw. &#8218;Ertragsgemeinschaftgarten&#8216;, welches wir f\u00fcr unser Projekt gew\u00e4hlt haben.<\/li>\n<\/ul>\n\n\n\n<p>Anschlie\u00dfend geht&#8217;s in die Ideenphase!<br>Wir freuen uns auf eure Beteiligung!<\/p>\n\n\n\n<p>Der Workshop findet wegen wechselhaftem Aprilwetter in unseren Vereinsr\u00e4umen in der Kirchhofstr. 45, 12055 Berlin statt.<br>Der Workshop ist kostenfrei, um eine Anmeldung wird gebeten.<br>Info! Es handelt sich hier um den ersten Workshop einer Reihe von insg. 4 Workshoptagen. Die weiteren Termine werden beim ersten Termin gemeinsam ausgemacht. Wir freuen uns, wenn ihr nach dem ersten Workshop auch an die weiteren Workshops teilnehmen k\u00f6nnt.<\/p>\n\n\n\n<p>Samstag 12.4.2025, 10 &#8211; 18 Uhr.<\/p>\n\n\n\n<figure class=\"wp-block-image size-large\"><img loading=\"lazy\" decoding=\"async\" width=\"1024\" height=\"683\" src=\"https:\/\/organisieren-erinnern.de\/wp-content\/uploads\/2026\/04\/DSC04528-1024x683.jpg\" alt=\"\" class=\"wp-image-40\" srcset=\"https:\/\/organisieren-erinnern.de\/wp-content\/uploads\/2026\/04\/DSC04528-1024x683.jpg 1024w, https:\/\/organisieren-erinnern.de\/wp-content\/uploads\/2026\/04\/DSC04528-300x200.jpg 300w, https:\/\/organisieren-erinnern.de\/wp-content\/uploads\/2026\/04\/DSC04528-768x512.jpg 768w, https:\/\/organisieren-erinnern.de\/wp-content\/uploads\/2026\/04\/DSC04528-1536x1024.jpg 1536w, https:\/\/organisieren-erinnern.de\/wp-content\/uploads\/2026\/04\/DSC04528-2048x1365.jpg 2048w\" sizes=\"auto, (max-width: 1024px) 100vw, 1024px\" \/><\/figure>\n","protected":false},"excerpt":{"rendered":"<p>Ideenfindung und Ausarbeitung des Konzepts. Am 12.4.2025 wollen wir gemeinsam mit euch den ersten Planungsworkshop f\u00fcr die Gew\u00e4chsh\u00e4user durchf\u00fchren! Was euch erwartet: Anschlie\u00dfend geht&#8217;s in die Ideenphase!Wir freuen uns auf eure Beteiligung! Der Workshop findet wegen wechselhaftem Aprilwetter in unseren Vereinsr\u00e4umen in der Kirchhofstr. 45, 12055 Berlin statt.Der Workshop ist kostenfrei, um eine Anmeldung wird [&hellip;]<\/p>\n","protected":false},"author":1,"featured_media":0,"comment_status":"closed","ping_status":"open","sticky":false,"template":"","format":"standard","meta":{"footnotes":""},"categories":[1],"tags":[],"class_list":["post-39","post","type-post","status-publish","format-standard","hentry","category-uncategorized"],"_links":{"self":[{"href":"https:\/\/organisieren-erinnern.de\/index.php?rest_route=\/wp\/v2\/posts\/39","targetHints":{"allow":["GET"]}}],"collection":[{"href":"https:\/\/organisieren-erinnern.de\/index.php?rest_route=\/wp\/v2\/posts"}],"about":[{"href":"https:\/\/organisieren-erinnern.de\/index.php?rest_route=\/wp\/v2\/types\/post"}],"author":[{"embeddable":true,"href":"https:\/\/organisieren-erinnern.de\/index.php?rest_route=\/wp\/v2\/users\/1"}],"replies":[{"embeddable":true,"href":"https:\/\/organisieren-erinnern.de\/index.php?rest_route=%2Fwp%2Fv2%2Fcomments&post=39"}],"version-history":[{"count":1,"href":"https:\/\/organisieren-erinnern.de\/index.php?rest_route=\/wp\/v2\/posts\/39\/revisions"}],"predecessor-version":[{"id":41,"href":"https:\/\/organisieren-erinnern.de\/index.php?rest_route=\/wp\/v2\/posts\/39\/revisions\/41"}],"wp:attachment":[{"href":"https:\/\/organisieren-erinnern.de\/index.php?rest_route=%2Fwp%2Fv2%2Fmedia&parent=39"}],"wp:term":[{"taxonomy":"category","embeddable":true,"href":"https:\/\/organisieren-erinnern.de\/index.php?rest_route=%2Fwp%2Fv2%2Fcategories&post=39"},{"taxonomy":"post_tag","embeddable":true,"href":"https:\/\/organisieren-erinnern.de\/index.php?rest_route=%2Fwp%2Fv2%2Ftags&post=39"}],"curies":[{"name":"wp","href":"https:\/\/api.w.org\/{rel}","templated":true}]}}