{"id":20,"date":"2024-11-01T13:31:28","date_gmt":"2024-11-01T13:31:28","guid":{"rendered":"https:\/\/oue.uber.space\/?p=20"},"modified":"2025-10-30T14:24:44","modified_gmt":"2025-10-30T14:24:44","slug":"wir-unterstutzen-iniradar-org","status":"publish","type":"post","link":"https:\/\/organisieren-erinnern.de\/?p=20","title":{"rendered":"Wir unterst\u00fctzen Iniradar.org"},"content":{"rendered":"\n<p><a href=\"http:\/\/iniradar.org\" data-type=\"link\" data-id=\"iniradar.org\">Iniradar.org<\/a> ist eine Suchplattform f\u00fcr solidarische Hilfsangebote in Berlin. Diese sind sehr breit gef\u00e4chert und<br>reichen von der kostenlosen Beratung in z.B. Mietrecht oder bei Diskriminierung, \u00fcber Sport- und<br>Bewegungsangebote bis hin zu DIY-Werkst\u00e4tten. Iniradar.org unterscheidet sich dabei von anderen Plattformen,<br>indem Iniradar themen\u00fcbergreifend ist, auf unabh\u00e4ngige Angebote (gegenseitige Hilfe) spezialisiert und open-<br>source ist. Iniradar.org wird in unserem Verein rein ehrenamtlich entwickelt und ist dauerhaft kostenfrei.<br><br>Nachdem wir seit 2021 die Online-Plattform programmiert und mit Inhalten gef\u00fcllt haben, haben wir ab 2024 angefangen Iniradar im<br>Kiez verankern. Lichtenberg ist dabei unser Modell-Standort (aufgrund guter Ankn\u00fcpfungspunkte und mehrerer<br>personeller Bez\u00fcge). Diese Verankerung beinhaltet erstens die Einbeziehung der Nachbarschaft und zweitens das<br>intergenerationelle Teilen von solidarischen Angeboten. Beides geschieht in enger Zusammenarbeit mit<br>existierenden stadtteilpolitischen Akteur*innen.<\/p>\n\n\n\n<p>Das Einbeziehen der Nachbarschaft wird ma\u00dfgeblich durch monatliche  &#8218;Kiez-Brunches&#8216; erreicht. Diese<br>sind soziale Veranstaltungen, wo die Nachbarschaft zusammenkommt, sich austauscht und ein interaktives<br>Mapping von solidarischen Angeboten stattfindet.<\/p>\n\n\n\n<p>In den Kiezbrunches sind zuhauf neue Idee f\u00fcr solidarisches Zusammenleben entstanden, darunter auch eine Gruppe, die die Gew\u00e4chsh\u00e4user im Landschaftspark Herzberge mit neuem nachbarschaftlichen Leben f\u00fcllen m\u00f6chte. Wir von Organisieren und Erinnern waren froh, dass wir als Verein eine rechtliche Plattform f\u00fcr diese Gruppe anbieten konnten. Mehr dazu in unserem Beitrag zu &#8218;Vitrine Kiezkraut&#8216;. <br><br>F\u00fcr die Umsetzung der Kiezbrunches und f\u00fcr Druckkosten f\u00fcr Iniradar-Flyer wurden wir dankenswerterweise durch den Demokratie-Leben F\u00f6rderung unterst\u00fctzt. <\/p>\n\n\n\n<p><\/p>\n","protected":false},"excerpt":{"rendered":"<p>Iniradar.org ist eine Suchplattform f\u00fcr solidarische Hilfsangebote in Berlin. Diese sind sehr breit gef\u00e4chert undreichen von der kostenlosen Beratung in z.B. Mietrecht oder bei Diskriminierung, \u00fcber Sport- undBewegungsangebote bis hin zu DIY-Werkst\u00e4tten. Iniradar.org unterscheidet sich dabei von anderen Plattformen,indem Iniradar themen\u00fcbergreifend ist, auf unabh\u00e4ngige Angebote (gegenseitige Hilfe) spezialisiert und open-source ist. Iniradar.org wird in unserem [&hellip;]<\/p>\n","protected":false},"author":1,"featured_media":21,"comment_status":"closed","ping_status":"closed","sticky":false,"template":"","format":"standard","meta":{"footnotes":""},"categories":[1],"tags":[],"class_list":["post-20","post","type-post","status-publish","format-standard","has-post-thumbnail","hentry","category-uncategorized"],"_links":{"self":[{"href":"https:\/\/organisieren-erinnern.de\/index.php?rest_route=\/wp\/v2\/posts\/20","targetHints":{"allow":["GET"]}}],"collection":[{"href":"https:\/\/organisieren-erinnern.de\/index.php?rest_route=\/wp\/v2\/posts"}],"about":[{"href":"https:\/\/organisieren-erinnern.de\/index.php?rest_route=\/wp\/v2\/types\/post"}],"author":[{"embeddable":true,"href":"https:\/\/organisieren-erinnern.de\/index.php?rest_route=\/wp\/v2\/users\/1"}],"replies":[{"embeddable":true,"href":"https:\/\/organisieren-erinnern.de\/index.php?rest_route=%2Fwp%2Fv2%2Fcomments&post=20"}],"version-history":[{"count":3,"href":"https:\/\/organisieren-erinnern.de\/index.php?rest_route=\/wp\/v2\/posts\/20\/revisions"}],"predecessor-version":[{"id":23,"href":"https:\/\/organisieren-erinnern.de\/index.php?rest_route=\/wp\/v2\/posts\/20\/revisions\/23"}],"wp:featuredmedia":[{"embeddable":true,"href":"https:\/\/organisieren-erinnern.de\/index.php?rest_route=\/wp\/v2\/media\/21"}],"wp:attachment":[{"href":"https:\/\/organisieren-erinnern.de\/index.php?rest_route=%2Fwp%2Fv2%2Fmedia&parent=20"}],"wp:term":[{"taxonomy":"category","embeddable":true,"href":"https:\/\/organisieren-erinnern.de\/index.php?rest_route=%2Fwp%2Fv2%2Fcategories&post=20"},{"taxonomy":"post_tag","embeddable":true,"href":"https:\/\/organisieren-erinnern.de\/index.php?rest_route=%2Fwp%2Fv2%2Ftags&post=20"}],"curies":[{"name":"wp","href":"https:\/\/api.w.org\/{rel}","templated":true}]}}