{"id":18,"date":"2025-10-23T15:26:37","date_gmt":"2025-10-23T15:26:37","guid":{"rendered":"https:\/\/oue.uber.space\/?p=18"},"modified":"2025-10-30T15:19:39","modified_gmt":"2025-10-30T15:19:39","slug":"jugendbildungsreise-zu-den-spure-der-ns-verbrechen","status":"publish","type":"post","link":"https:\/\/organisieren-erinnern.de\/?p=18","title":{"rendered":"Jugendbildungsreise zu den Spuren der NS-Verbrechen"},"content":{"rendered":"\n<p>Im Juli konnten wir endlich wieder eine Bildungsreise durchf\u00fchren, diese mal  ging es mit einer Gruppe junger Menschen auf die Spuren der NS-Verbrechen ins sogenannte &#8222;Sudetenland&#8220;.<\/p>\n\n\n\n<p>Ausgangspunkt war ein Besuch der KZ-Gedenkst\u00e4tte Gro\u00df-Rosen. Neben einer eindr\u00fccklichen F\u00fchrung durch das Gel\u00e4nde, in der wir erfuhren wie das Lager entstanden war und welche Rolle es im \u00f6konomischen System der Nationalsozialisten spielte gab es anschlie\u00dfend noch eine Filmvorf\u00fchrung in der Gedenkst\u00e4tte \u00fcber die Erfahrungen von \u00fcberlebenden ehemaligen Gefangenen. <\/p>\n\n\n\n<p>In den darauffolgenden Tagen wurden  die Situation von Frauen in der Zwangsarbeit in der Region, die Geschichte der j\u00fcdischen Bev\u00f6lkerung, der V\u00f6lkermord an Sintize und Roma, die Situation queerer Menschen und der Widerstand gegen die NS-Herrschaft thematisiert. Dabei stellten sich auch immer wieder Unterschiede zwischen den Erinnerungskulturen von Polen und Tschechien im Gegensatz zu Deutschland heraus.<\/p>\n\n\n\n<p><\/p>\n","protected":false},"excerpt":{"rendered":"<p>Im Juli konnten wir endlich wieder eine Bildungsreise durchf\u00fchren, diese mal ging es mit einer Gruppe junger Menschen auf die Spuren der NS-Verbrechen ins sogenannte &#8222;Sudetenland&#8220;. Ausgangspunkt war ein Besuch der KZ-Gedenkst\u00e4tte Gro\u00df-Rosen. Neben einer eindr\u00fccklichen F\u00fchrung durch das Gel\u00e4nde, in der wir erfuhren wie das Lager entstanden war und welche Rolle es im \u00f6konomischen [&hellip;]<\/p>\n","protected":false},"author":1,"featured_media":0,"comment_status":"closed","ping_status":"closed","sticky":false,"template":"","format":"standard","meta":{"footnotes":""},"categories":[1],"tags":[],"class_list":["post-18","post","type-post","status-publish","format-standard","hentry","category-uncategorized"],"_links":{"self":[{"href":"https:\/\/organisieren-erinnern.de\/index.php?rest_route=\/wp\/v2\/posts\/18","targetHints":{"allow":["GET"]}}],"collection":[{"href":"https:\/\/organisieren-erinnern.de\/index.php?rest_route=\/wp\/v2\/posts"}],"about":[{"href":"https:\/\/organisieren-erinnern.de\/index.php?rest_route=\/wp\/v2\/types\/post"}],"author":[{"embeddable":true,"href":"https:\/\/organisieren-erinnern.de\/index.php?rest_route=\/wp\/v2\/users\/1"}],"replies":[{"embeddable":true,"href":"https:\/\/organisieren-erinnern.de\/index.php?rest_route=%2Fwp%2Fv2%2Fcomments&post=18"}],"version-history":[{"count":4,"href":"https:\/\/organisieren-erinnern.de\/index.php?rest_route=\/wp\/v2\/posts\/18\/revisions"}],"predecessor-version":[{"id":35,"href":"https:\/\/organisieren-erinnern.de\/index.php?rest_route=\/wp\/v2\/posts\/18\/revisions\/35"}],"wp:attachment":[{"href":"https:\/\/organisieren-erinnern.de\/index.php?rest_route=%2Fwp%2Fv2%2Fmedia&parent=18"}],"wp:term":[{"taxonomy":"category","embeddable":true,"href":"https:\/\/organisieren-erinnern.de\/index.php?rest_route=%2Fwp%2Fv2%2Fcategories&post=18"},{"taxonomy":"post_tag","embeddable":true,"href":"https:\/\/organisieren-erinnern.de\/index.php?rest_route=%2Fwp%2Fv2%2Ftags&post=18"}],"curies":[{"name":"wp","href":"https:\/\/api.w.org\/{rel}","templated":true}]}}