{"id":1,"date":"2024-07-16T11:09:00","date_gmt":"2024-07-16T11:09:00","guid":{"rendered":"http:\/\/oue.uber.space\/?p=1"},"modified":"2025-10-30T14:59:39","modified_gmt":"2025-10-30T14:59:39","slug":"vitrine-kiezkraut-geht-los","status":"publish","type":"post","link":"https:\/\/organisieren-erinnern.de\/?p=1","title":{"rendered":"Vitrine Kiezkraut geht los"},"content":{"rendered":"\n<p>Eine innerst\u00e4dtische Nachbarschafts-SoLaWi im Gew\u00e4chshaus im Landschaftspark Herzberge! Der Leerstand von 3 riesigen Gew\u00e4chsh\u00e4usern mitten in Berlin bietet uns eine einmalige Chance: eine solidarische Landwirtschaft in der Stadt aufzubauen!<\/p>\n\n\n\n<p>Wir wollen die Gew\u00e4chsh\u00e4user erhalten, die st\u00e4dtische Ern\u00e4hrungsm\u00f6glichkeiten erweitern und den Kiez zusammenf\u00fchren. Mit den anderen Bewohner:innen des Kiezes und Berlins wollen wir einen Ort schaffen, an dem wir gemeinsam G\u00e4rtnern, lernen und zusammenkommen k\u00f6nnen &#8211; nicht nur f\u00fcr gutes Gem\u00fcse, sondern auch f\u00fcr sinnstiftende Arbeit, Solidarit\u00e4t und mehr Zusammenhalt! F\u00fcr den Aufbau sind wir auf eure Spenden angewiesen! Denn ohne diese k\u00f6nnen wir das Projekt nicht finanzieren.<\/p>\n\n\n\n<h2 class=\"wp-block-heading\"><strong>Was ist eine &#8218;SoLaWi&#8216;?<\/strong><\/h2>\n\n\n\n<p>In einer &#8218;SoLaWi&#8216; zahlen die Mitglieder monatlich einen festen Betrag im Voraus und geben den B\u00e4uer*innen so Planungssicherheit &#8211; in Tausch daf\u00fcr kriegen sie leckeres, \u00f6kologisches, saisonales und regionales Gem\u00fcse. Und das ist eine echt sinnvolle Art und Weise, gleichzeitig die Ausbeutung von B\u00e4uer*innen, w\u00e4ssriges Gem\u00fcse und die Entkopplung von Stadt und Land zu \u00fcberwinden. Bei uns werden die Mitglieder gar selbst zu Produzent*innen. Die Gew\u00e4chsh\u00e4user liegen mitten in der Stadt und Nachbar*innen k\u00f6nnen direkt mitarbeiten. Nach der Arbeit oder am Wochenende mal ein bisschen g\u00e4rtnern und das Gem\u00fcse direkt mit nach Hause nehmen.<\/p>\n\n\n\n<h2 class=\"wp-block-heading\"><strong>Was machen wir konkret?<\/strong><\/h2>\n\n\n\n<p>Auf zun\u00e4chst 1500 M\u00b2 wollen wir in 2025 testen, wie das alles funktioniert. Wir probieren uns mit verschiedene Sommer- und Winterkulturen aus. Wir kn\u00fcpfen Kontakte zu den lokalen Gemeinschaftsg\u00e4rten und ziehen f\u00fcr sie Jungpflanzen auf, nehmen daf\u00fcr gerne Gr\u00fcnschnitt, Kompost, Schafswolle etc.. Und vor allem treten wir mit der Nachbarschaft in Austausch und bauen zusammen mit ihnen dieses spannende Projekt auf!&nbsp;<\/p>\n\n\n\n<h2 class=\"wp-block-heading\"><strong>Nicht nur Gem\u00fcse!<\/strong><\/h2>\n\n\n\n<p>Zentral f\u00fcr uns ist der nachbarschaftliche Zusammenhalt, sowohl unter Menschen die hier schon lange wohnen als mit jenen, die neu angekommen sind. Wir sehen das gemeinschaftliche G\u00e4rtnern als niedrigschwellige M\u00f6glichkeit, Menschen zusammenzubringen. Wir gehen dazu auch aktiv auf z.B. die Menschen in den hiesigen Gefl\u00fcchtetenunterk\u00fcnften oder auf \u00e4ltere Menschen im Kiez zu. So schaffen wir R\u00e4ume der Begegnung, wo neben unseren Pfl\u00e4nzchen auch Zusammenhalt, gegenseitige Verst\u00e4ndigung und Toleranz wachsen kann!&nbsp;<\/p>\n\n\n\n<div class=\"wp-block-buttons is-layout-flex wp-block-buttons-is-layout-flex\">\n<div class=\"wp-block-button has-custom-width wp-block-button__width-100\"><a class=\"wp-block-button__link wp-element-button\" href=\"https:\/\/www.betterplace.org\/de\/projects\/141281-vitrine-kiezkraut\">Jetzt spenden<\/a><\/div>\n<\/div>\n\n\n\n<p><\/p>\n","protected":false},"excerpt":{"rendered":"<p>Eine innerst\u00e4dtische Nachbarschafts-SoLaWi im Gew\u00e4chshaus im Landschaftspark Herzberge! Der Leerstand von 3 riesigen Gew\u00e4chsh\u00e4usern mitten in Berlin bietet uns eine einmalige Chance: eine solidarische Landwirtschaft in der Stadt aufzubauen! Wir wollen die Gew\u00e4chsh\u00e4user erhalten, die st\u00e4dtische Ern\u00e4hrungsm\u00f6glichkeiten erweitern und den Kiez zusammenf\u00fchren. Mit den anderen Bewohner:innen des Kiezes und Berlins wollen wir einen Ort schaffen, [&hellip;]<\/p>\n","protected":false},"author":1,"featured_media":13,"comment_status":"closed","ping_status":"closed","sticky":false,"template":"","format":"standard","meta":{"footnotes":""},"categories":[1],"tags":[],"class_list":["post-1","post","type-post","status-publish","format-standard","has-post-thumbnail","hentry","category-uncategorized"],"_links":{"self":[{"href":"https:\/\/organisieren-erinnern.de\/index.php?rest_route=\/wp\/v2\/posts\/1","targetHints":{"allow":["GET"]}}],"collection":[{"href":"https:\/\/organisieren-erinnern.de\/index.php?rest_route=\/wp\/v2\/posts"}],"about":[{"href":"https:\/\/organisieren-erinnern.de\/index.php?rest_route=\/wp\/v2\/types\/post"}],"author":[{"embeddable":true,"href":"https:\/\/organisieren-erinnern.de\/index.php?rest_route=\/wp\/v2\/users\/1"}],"replies":[{"embeddable":true,"href":"https:\/\/organisieren-erinnern.de\/index.php?rest_route=%2Fwp%2Fv2%2Fcomments&post=1"}],"version-history":[{"count":7,"href":"https:\/\/organisieren-erinnern.de\/index.php?rest_route=\/wp\/v2\/posts\/1\/revisions"}],"predecessor-version":[{"id":32,"href":"https:\/\/organisieren-erinnern.de\/index.php?rest_route=\/wp\/v2\/posts\/1\/revisions\/32"}],"wp:featuredmedia":[{"embeddable":true,"href":"https:\/\/organisieren-erinnern.de\/index.php?rest_route=\/wp\/v2\/media\/13"}],"wp:attachment":[{"href":"https:\/\/organisieren-erinnern.de\/index.php?rest_route=%2Fwp%2Fv2%2Fmedia&parent=1"}],"wp:term":[{"taxonomy":"category","embeddable":true,"href":"https:\/\/organisieren-erinnern.de\/index.php?rest_route=%2Fwp%2Fv2%2Fcategories&post=1"},{"taxonomy":"post_tag","embeddable":true,"href":"https:\/\/organisieren-erinnern.de\/index.php?rest_route=%2Fwp%2Fv2%2Ftags&post=1"}],"curies":[{"name":"wp","href":"https:\/\/api.w.org\/{rel}","templated":true}]}}